{"id":888,"date":"2023-06-01T02:01:00","date_gmt":"2023-06-01T00:01:00","guid":{"rendered":"https:\/\/repensandolaeducacion.alopadres.com\/?p=888"},"modified":"2023-11-16T02:17:20","modified_gmt":"2023-11-16T01:17:20","slug":"primera-alegria","status":"publish","type":"post","link":"https:\/\/repensandolaeducacion.alopadres.com\/index.php\/2023\/06\/01\/primera-alegria\/","title":{"rendered":"La primera alegr\u00eda"},"content":{"rendered":"\t\t<div data-elementor-type=\"wp-post\" data-elementor-id=\"888\" class=\"elementor elementor-888\">\n\t\t\t\t<div class=\"elementor-element elementor-element-60593277 e-flex e-con-boxed e-con e-parent\" data-id=\"60593277\" data-element_type=\"container\" data-e-type=\"container\">\n\t\t\t\t\t<div class=\"e-con-inner\">\n\t\t\t\t<div class=\"elementor-element elementor-element-493579ca elementor-widget elementor-widget-text-editor\" data-id=\"493579ca\" data-element_type=\"widget\" data-e-type=\"widget\" data-widget_type=\"text-editor.default\">\n\t\t\t\t<div class=\"elementor-widget-container\">\n\t\t\t\t\t\t\t\t\t\n<p>Tengo 7 a\u00f1os. Mam\u00e1 y yo salimos a visitar la biblioteca m\u00f3vil de Colsubsidio\u00b9, cuya pr\u00f3xima parada ser\u00e1 el parqueadero de mi barrio. Es un cami\u00f3n alargado lleno de libros, al que mis ojos de ni\u00f1a ven como dibujo animado en forma de caja rodando por Bogot\u00e1. Al cami\u00f3n azul, subimos juntas tomadas de la mano por unas escaleritas de hierro. Adentro, est\u00e1 inmerso de pilas de libros organizadas con cuidado para hacer lucir las portadas de los cuentos infantiles.<\/p>\n<p><\/p>\n<p class=\"wp-block-quote is-layout-flow wp-block-quote-is-layout-flow\">1\u00a0Corporaci\u00f3n sin \u00e1nimo de lucro colombiana encargada de promover en las familias programas culturales y sociales<\/p>\n<p>Me gusta que mam\u00e1 no me dice c\u00f3mo tengo que vivir esta experiencia nueva con los libros. Me alivia advertir en ella ese placer que le da a una mujer romper con las rutinas de la casa. Tal vez por eso la siento tan deseante de sumergirse en su propia vivencia sin que la suya deba ser la misma m\u00eda. Tal vez por eso conf\u00eda. En el cami\u00f3n de libros, es menos maestra, es menos mam\u00e1, es m\u00e1s mujer. Se independiza de todos sus roles y me da permiso para aprender a mi modo. Entonces suelta mi mano y yo abrazo los libros. Los empiezo a amar.<\/p>\n<p>Mientras me tiro al piso a revolver los libros mam\u00e1 camina feliz hacia otra esquina. No se muestra preocupada porque yo descifre la moraleja de los cuentos, ni por criar a una buena ni\u00f1a. Se parece m\u00e1s a m\u00ed. Pone sus manos en la cintura y habla curiosa con la se\u00f1orita que atiende. \u201cLe veo ganas de aprender\u201d. En un ejercicio intuitivo juntas nos vamos moviendo entre los mundos de ese cami\u00f3n sin interferir la una con la otra. No solo aprendemos de los libros que nos faltan. Tambi\u00e9n sobre el gobierno de la ciudad, el oficio de promoci\u00f3n de lectura y la satisfacci\u00f3n de alegrarnos con poco. \u00a1Estamos dichosas! Ser\u00e1 porque aprendimos sobre la vida sin que nos digan que aprendimos sobre la vida.<\/p>\n<p>De vuelta al apartamento es raro, pero especial. No hace falta documentar aquel viaje magn\u00edfico. Yo prescindo de mi ingenio para tomar apuntes y ella jam\u00e1s sugiere buscarle la aplicaci\u00f3n a la experiencia. El objetivo de la salida era m\u00e1s simple: acompa\u00f1arnos a aprender. Mam\u00e1 sembrando su confianza en m\u00ed y yo mi alegr\u00eda en ella.<\/p>\n<p>Reflexionando, llamar\u00eda a esta memoria un aprendizaje alegre. Hablo del tipo de alegr\u00eda que uno siente cuando aprende algo desde el instinto, a la primera, sin promesas de elogio y lo disfruta en cuerpo y alma porque nadie se lo impuso. Esa fue la m\u00eda. O la alegr\u00eda de conseguir algo dif\u00edcil, algo que pone a prueba nuestra visi\u00f3n ordenadora de la vida y nos lleva de una comprensi\u00f3n vieja a crear una nueva. Esa fue la de mam\u00e1.<\/p>\n<p>Eleg\u00ed compartir esta memoria porque a\u00fan con mi apuesta en la nueva educaci\u00f3n, soy hija del deber y a veces siento miedo. \u00bfQu\u00e9 ser\u00e1 del futuro de mis sobrinos e infancias que me cruzo si no les ense\u00f1o toda la teor\u00eda? Entonces, vuelvo al cami\u00f3n de libros y compruebo que no siempre una experiencia educativa debe \u201cservir inmediatamente para algo\u201d. Si hablamos de utilidad, el futuro guarda lugares incre\u00edbles para aplicar un aprendizaje m\u00e1s all\u00e1 de nuestros planes. Pero, servir\u00e1 m\u00e1s a la vida si este fue alegre.<\/p>\n<p>Eleg\u00ed ir al pasado porque quiero proponerles resignificar nuestras memorias. En cada persona, existe al menos una historia positiva con el saber. Con frecuencia, evocamos lo distorsionada que fue nuestra crianza y educaci\u00f3n y recalcamos el peso de un \u201cmal\u201d pasado. \u00bfQu\u00e9 tal si enraizamos el coraz\u00f3n de nuestro Ser adulto en memorias de aprendizaje alegre, como lo fue mi visita a ese cami\u00f3n de libros? \u00bfQu\u00e9 tal si invitamos a la ni\u00f1ez, adolescentes y j\u00f3venes a descubrir en sus buenas memorias un recurso en s\u00ed mismo? Anim\u00e9moslos a detectar desde el coraz\u00f3n sus primeros aprendizajes alegres, por qu\u00e9 fueron esos y no otros, para qu\u00e9 les servir\u00eda ese pasado. Le\u00ed que la alegr\u00eda es el alimento del esp\u00edritu, la vida del alma. Si rescatamos con consciencia nuestros aprendizajes felices, comprenderemos que dentro siempre vive una alegr\u00eda \u00fatil para abrirnos los ojos.<\/p>\n<p>\u00bfRecuerdas tu primer aprendizaje alegre?<\/p>\n\t\t\t\t\t\t\t\t<\/div>\n\t\t\t\t<\/div>\n\t\t\t\t\t<\/div>\n\t\t\t\t<\/div>\n\t\t\t\t<\/div>\n\t\t","protected":false},"excerpt":{"rendered":"<p>Tengo 7 a\u00f1os. Mam\u00e1 y yo salimos a visitar la biblioteca m\u00f3vil de Colsubsidio\u00b9, cuya pr\u00f3xima parada ser\u00e1 el parqueadero de mi barrio. Es un cami\u00f3n alargado lleno de libros, al que mis ojos de ni\u00f1a ven como dibujo animado en forma de caja rodando por Bogot\u00e1. Al cami\u00f3n azul, subimos juntas tomadas de la [&hellip;]<\/p>\n","protected":false},"author":11,"featured_media":890,"comment_status":"open","ping_status":"open","sticky":false,"template":"","format":"standard","meta":{"sb_editor_width":"","_jetpack_memberships_contains_paid_content":false,"footnotes":""},"categories":[2,31],"tags":[],"coauthors":[53],"class_list":["post-888","post","type-post","status-publish","format-standard","has-post-thumbnail","hentry","category-edicion-16","category-experiencias"],"relative_dates":{"created":"3 a\u00f1os ago","modified":"2 a\u00f1os ago"},"jetpack_featured_media_url":"https:\/\/repensandolaeducacion.alopadres.com\/wp-content\/uploads\/2023\/11\/Repensando_educacion_revista_e16_f-3.jpg","jetpack-related-posts":[{"id":1381,"url":"https:\/\/repensandolaeducacion.alopadres.com\/index.php\/2024\/06\/04\/manolito-gafotas\/","url_meta":{"origin":888,"position":0},"title":"MANOLITO GAFOTAS","author":"Jos\u00e9 Mar\u00eda Luque Mart\u00edn","date":"4 de junio de 2024","format":false,"excerpt":"Siguiendo la tem\u00e1tica de este n\u00famero de REPENSANDO, \u201cLa influencia industrial en la educaci\u00f3n\u201d, hoy proponemos una divertida pel\u00edcula que sobrevuela ese ese tema. Es una adaptaci\u00f3n de unos libros infantiles que sigue las peripecias de un ni\u00f1o de ocho a\u00f1os llamado: Manolito y apodado \u201cGafotas\u201d. \u00a0 El entorno donde\u2026","rel":"","context":"En \u00abCine\u00bb","block_context":{"text":"Cine","link":"https:\/\/repensandolaeducacion.alopadres.com\/index.php\/category\/cine\/"},"img":{"alt_text":"","src":"https:\/\/i0.wp.com\/repensandolaeducacion.alopadres.com\/wp-content\/uploads\/2024\/06\/Repensando_educacion_revista_e20-8.jpg?resize=350%2C200&ssl=1","width":350,"height":200,"srcset":"https:\/\/i0.wp.com\/repensandolaeducacion.alopadres.com\/wp-content\/uploads\/2024\/06\/Repensando_educacion_revista_e20-8.jpg?resize=350%2C200&ssl=1 1x, https:\/\/i0.wp.com\/repensandolaeducacion.alopadres.com\/wp-content\/uploads\/2024\/06\/Repensando_educacion_revista_e20-8.jpg?resize=525%2C300&ssl=1 1.5x, https:\/\/i0.wp.com\/repensandolaeducacion.alopadres.com\/wp-content\/uploads\/2024\/06\/Repensando_educacion_revista_e20-8.jpg?resize=700%2C400&ssl=1 2x, https:\/\/i0.wp.com\/repensandolaeducacion.alopadres.com\/wp-content\/uploads\/2024\/06\/Repensando_educacion_revista_e20-8.jpg?resize=1050%2C600&ssl=1 3x"},"classes":[]},{"id":2754,"url":"https:\/\/repensandolaeducacion.alopadres.com\/index.php\/2025\/07\/01\/el-libro-en-el-librero\/","url_meta":{"origin":888,"position":1},"title":"El libro en el librero\u00a0","author":"Priscila Salazar","date":"1 de julio de 2025","format":false,"excerpt":"(Narraci\u00f3n de una experiencia vivida en 2018)\u00a0\u00a0Sal\u00ed de la librer\u00eda y mir\u00e9 mi nueva adquisici\u00f3n para mis hijos: \u00abMinecraft: gu\u00eda b\u00e1sica\u00bb. Un libro ilustrado para ni\u00f1os en el que se explica la l\u00f3gica del videojuego, se dan consejos para sobrevivir y se incluyen muchas recetas para fabricar objetos. Estaba segura\u2026","rel":"","context":"En \u00abEdici\u00f3n 26\u00bb","block_context":{"text":"Edici\u00f3n 26","link":"https:\/\/repensandolaeducacion.alopadres.com\/index.php\/category\/edicion-26\/"},"img":{"alt_text":"","src":"https:\/\/i0.wp.com\/repensandolaeducacion.alopadres.com\/wp-content\/uploads\/2025\/07\/Repensando_educacion_revista_e26-3.jpg?resize=350%2C200&ssl=1","width":350,"height":200,"srcset":"https:\/\/i0.wp.com\/repensandolaeducacion.alopadres.com\/wp-content\/uploads\/2025\/07\/Repensando_educacion_revista_e26-3.jpg?resize=350%2C200&ssl=1 1x, https:\/\/i0.wp.com\/repensandolaeducacion.alopadres.com\/wp-content\/uploads\/2025\/07\/Repensando_educacion_revista_e26-3.jpg?resize=525%2C300&ssl=1 1.5x, https:\/\/i0.wp.com\/repensandolaeducacion.alopadres.com\/wp-content\/uploads\/2025\/07\/Repensando_educacion_revista_e26-3.jpg?resize=700%2C400&ssl=1 2x, https:\/\/i0.wp.com\/repensandolaeducacion.alopadres.com\/wp-content\/uploads\/2025\/07\/Repensando_educacion_revista_e26-3.jpg?resize=1050%2C600&ssl=1 3x"},"classes":[]},{"id":1007,"url":"https:\/\/repensandolaeducacion.alopadres.com\/index.php\/2023\/04\/01\/colecho-somos-mamiferos\/","url_meta":{"origin":888,"position":2},"title":"\u00bfColecho? Somos mam\u00edferos","author":"Luc\u00eda Siwy","date":"1 de abril de 2023","format":false,"excerpt":"Somos especie humana y mam\u00edfera. Y se nos olvida. Algo tan profundo y tan sencillo como ser conscientes de qui\u00e9nes somos para ser conscientes tambi\u00e9n de nuestras necesidades m\u00e1s b\u00e1sicas como especie. Una de las preguntas m\u00e1s frecuentes entre nosotras las mam\u00e1s, es el famoso dilema \u00bfduermo con mi beb\u00e9?\u2026","rel":"","context":"En \u00abCrianza\u00bb","block_context":{"text":"Crianza","link":"https:\/\/repensandolaeducacion.alopadres.com\/index.php\/category\/crianza\/"},"img":{"alt_text":"","src":"https:\/\/i0.wp.com\/repensandolaeducacion.alopadres.com\/wp-content\/uploads\/2023\/04\/Repensando_educacion_revista_e15_f-4.jpg?resize=350%2C200&ssl=1","width":350,"height":200,"srcset":"https:\/\/i0.wp.com\/repensandolaeducacion.alopadres.com\/wp-content\/uploads\/2023\/04\/Repensando_educacion_revista_e15_f-4.jpg?resize=350%2C200&ssl=1 1x, https:\/\/i0.wp.com\/repensandolaeducacion.alopadres.com\/wp-content\/uploads\/2023\/04\/Repensando_educacion_revista_e15_f-4.jpg?resize=525%2C300&ssl=1 1.5x, https:\/\/i0.wp.com\/repensandolaeducacion.alopadres.com\/wp-content\/uploads\/2023\/04\/Repensando_educacion_revista_e15_f-4.jpg?resize=700%2C400&ssl=1 2x, https:\/\/i0.wp.com\/repensandolaeducacion.alopadres.com\/wp-content\/uploads\/2023\/04\/Repensando_educacion_revista_e15_f-4.jpg?resize=1050%2C600&ssl=1 3x"},"classes":[]},{"id":3302,"url":"https:\/\/repensandolaeducacion.alopadres.com\/index.php\/2026\/02\/17\/pirata\/","url_meta":{"origin":888,"position":3},"title":"Pirata","author":"Freddy Mondrag\u00f3n Giraldo","date":"17 de febrero de 2026","format":false,"excerpt":"La gente celebra con alegr\u00eda la llegada de la electricidad, despu\u00e9s de un largo da\u00f1o en la planta el\u00e9ctrica de la ciudad. La voz del locutor, con entusiasmo anuncia: \u2014Ya llega, ya llega, pronto, pronto. Deja el suspenso y contin\u00faa la programaci\u00f3n musical de la emisora. Durante ese d\u00eda [\u2026]","rel":"","context":"En \u00abEdici\u00f3n especial\u00bb","block_context":{"text":"Edici\u00f3n especial","link":"https:\/\/repensandolaeducacion.alopadres.com\/index.php\/category\/edicion-especial\/"},"img":{"alt_text":"","src":"https:\/\/i0.wp.com\/repensandolaeducacion.alopadres.com\/wp-content\/uploads\/2026\/02\/Repensando_educacion_revista_ee-5.jpg?resize=350%2C200&ssl=1","width":350,"height":200,"srcset":"https:\/\/i0.wp.com\/repensandolaeducacion.alopadres.com\/wp-content\/uploads\/2026\/02\/Repensando_educacion_revista_ee-5.jpg?resize=350%2C200&ssl=1 1x, https:\/\/i0.wp.com\/repensandolaeducacion.alopadres.com\/wp-content\/uploads\/2026\/02\/Repensando_educacion_revista_ee-5.jpg?resize=525%2C300&ssl=1 1.5x, https:\/\/i0.wp.com\/repensandolaeducacion.alopadres.com\/wp-content\/uploads\/2026\/02\/Repensando_educacion_revista_ee-5.jpg?resize=700%2C400&ssl=1 2x, https:\/\/i0.wp.com\/repensandolaeducacion.alopadres.com\/wp-content\/uploads\/2026\/02\/Repensando_educacion_revista_ee-5.jpg?resize=1050%2C600&ssl=1 3x"},"classes":[]},{"id":3376,"url":"https:\/\/repensandolaeducacion.alopadres.com\/index.php\/2026\/02\/17\/su-navidad-en-peligro\/","url_meta":{"origin":888,"position":4},"title":"Su Navidad en peligro","author":"Magda Antich Garc\u00eda.","date":"17 de febrero de 2026","format":false,"excerpt":"Hola, soy Cristina y tengo diez an\u0303os. Vivo en la calle Felicidad, en la casa 85. Y os voy a contar una leyenda antes de referirme el susto que me llev\u00e9 el an\u0303o pasado\u2026 La leyenda cuenta que, hace ma\u0301s de uno o dos siglos, una familia llamada Los [\u2026]","rel":"","context":"En \u00abEdici\u00f3n especial\u00bb","block_context":{"text":"Edici\u00f3n especial","link":"https:\/\/repensandolaeducacion.alopadres.com\/index.php\/category\/edicion-especial\/"},"img":{"alt_text":"","src":"https:\/\/i0.wp.com\/repensandolaeducacion.alopadres.com\/wp-content\/uploads\/2026\/02\/Repensando_educacion_revista_ee-11.jpg?resize=350%2C200&ssl=1","width":350,"height":200,"srcset":"https:\/\/i0.wp.com\/repensandolaeducacion.alopadres.com\/wp-content\/uploads\/2026\/02\/Repensando_educacion_revista_ee-11.jpg?resize=350%2C200&ssl=1 1x, https:\/\/i0.wp.com\/repensandolaeducacion.alopadres.com\/wp-content\/uploads\/2026\/02\/Repensando_educacion_revista_ee-11.jpg?resize=525%2C300&ssl=1 1.5x, https:\/\/i0.wp.com\/repensandolaeducacion.alopadres.com\/wp-content\/uploads\/2026\/02\/Repensando_educacion_revista_ee-11.jpg?resize=700%2C400&ssl=1 2x, https:\/\/i0.wp.com\/repensandolaeducacion.alopadres.com\/wp-content\/uploads\/2026\/02\/Repensando_educacion_revista_ee-11.jpg?resize=1050%2C600&ssl=1 3x"},"classes":[]},{"id":3052,"url":"https:\/\/repensandolaeducacion.alopadres.com\/index.php\/2026\/02\/17\/presentacion\/","url_meta":{"origin":888,"position":5},"title":"Presentaci\u00f3n","author":"Manuel Ferrer Mu\u00f1oz.","date":"17 de febrero de 2026","format":false,"excerpt":"Ha llegado el momento de acometer el impulso final que permitir\u00e1 visibilizar el trabajo de un selecto grupo de personas \u2014mujeres y hombres y ni\u00f1os de ambos sexos\u2014 que secund\u00f3 la propuesta del Club de Escritura Creativa de Cee (La Coru\u00f1a, Espa\u00f1a) de reunir en una misma publicaci\u00f3n, en formato\u2026","rel":"","context":"En \u00abEdici\u00f3n especial\u00bb","block_context":{"text":"Edici\u00f3n especial","link":"https:\/\/repensandolaeducacion.alopadres.com\/index.php\/category\/edicion-especial\/"},"img":{"alt_text":"","src":"https:\/\/i0.wp.com\/repensandolaeducacion.alopadres.com\/wp-content\/uploads\/2026\/02\/Repensando_educacion_revista_ee-1.jpg?resize=350%2C200&ssl=1","width":350,"height":200,"srcset":"https:\/\/i0.wp.com\/repensandolaeducacion.alopadres.com\/wp-content\/uploads\/2026\/02\/Repensando_educacion_revista_ee-1.jpg?resize=350%2C200&ssl=1 1x, https:\/\/i0.wp.com\/repensandolaeducacion.alopadres.com\/wp-content\/uploads\/2026\/02\/Repensando_educacion_revista_ee-1.jpg?resize=525%2C300&ssl=1 1.5x, https:\/\/i0.wp.com\/repensandolaeducacion.alopadres.com\/wp-content\/uploads\/2026\/02\/Repensando_educacion_revista_ee-1.jpg?resize=700%2C400&ssl=1 2x, https:\/\/i0.wp.com\/repensandolaeducacion.alopadres.com\/wp-content\/uploads\/2026\/02\/Repensando_educacion_revista_ee-1.jpg?resize=1050%2C600&ssl=1 3x"},"classes":[]}],"jetpack_sharing_enabled":true,"_links":{"self":[{"href":"https:\/\/repensandolaeducacion.alopadres.com\/index.php\/wp-json\/wp\/v2\/posts\/888","targetHints":{"allow":["GET"]}}],"collection":[{"href":"https:\/\/repensandolaeducacion.alopadres.com\/index.php\/wp-json\/wp\/v2\/posts"}],"about":[{"href":"https:\/\/repensandolaeducacion.alopadres.com\/index.php\/wp-json\/wp\/v2\/types\/post"}],"author":[{"embeddable":true,"href":"https:\/\/repensandolaeducacion.alopadres.com\/index.php\/wp-json\/wp\/v2\/users\/11"}],"replies":[{"embeddable":true,"href":"https:\/\/repensandolaeducacion.alopadres.com\/index.php\/wp-json\/wp\/v2\/comments?post=888"}],"version-history":[{"count":7,"href":"https:\/\/repensandolaeducacion.alopadres.com\/index.php\/wp-json\/wp\/v2\/posts\/888\/revisions"}],"predecessor-version":[{"id":898,"href":"https:\/\/repensandolaeducacion.alopadres.com\/index.php\/wp-json\/wp\/v2\/posts\/888\/revisions\/898"}],"wp:featuredmedia":[{"embeddable":true,"href":"https:\/\/repensandolaeducacion.alopadres.com\/index.php\/wp-json\/wp\/v2\/media\/890"}],"wp:attachment":[{"href":"https:\/\/repensandolaeducacion.alopadres.com\/index.php\/wp-json\/wp\/v2\/media?parent=888"}],"wp:term":[{"taxonomy":"category","embeddable":true,"href":"https:\/\/repensandolaeducacion.alopadres.com\/index.php\/wp-json\/wp\/v2\/categories?post=888"},{"taxonomy":"post_tag","embeddable":true,"href":"https:\/\/repensandolaeducacion.alopadres.com\/index.php\/wp-json\/wp\/v2\/tags?post=888"},{"taxonomy":"author","embeddable":true,"href":"https:\/\/repensandolaeducacion.alopadres.com\/index.php\/wp-json\/wp\/v2\/coauthors?post=888"}],"curies":[{"name":"wp","href":"https:\/\/api.w.org\/{rel}","templated":true}]}}