{"id":2498,"date":"2024-12-01T21:49:53","date_gmt":"2024-12-01T20:49:53","guid":{"rendered":"https:\/\/repensandolaeducacion.alopadres.com\/?p=2498"},"modified":"2025-02-11T04:06:42","modified_gmt":"2025-02-11T03:06:42","slug":"nota-del-editor-23","status":"publish","type":"post","link":"https:\/\/repensandolaeducacion.alopadres.com\/index.php\/2024\/12\/01\/nota-del-editor-23\/","title":{"rendered":"nota del editor Edici\u00f3n 23"},"content":{"rendered":"\t\t<div data-elementor-type=\"wp-post\" data-elementor-id=\"2498\" class=\"elementor elementor-2498\">\n\t\t\t\t<div class=\"elementor-element elementor-element-1e69e138 e-flex e-con-boxed e-con e-parent\" data-id=\"1e69e138\" data-element_type=\"container\" data-e-type=\"container\">\n\t\t\t\t\t<div class=\"e-con-inner\">\n\t\t\t\t<div class=\"elementor-element elementor-element-329d89e5 elementor-widget elementor-widget-text-editor\" data-id=\"329d89e5\" data-element_type=\"widget\" data-e-type=\"widget\" data-widget_type=\"text-editor.default\">\n\t\t\t\t<div class=\"elementor-widget-container\">\n\t\t\t\t\t\t\t\t\t\n<p><span data-contrast=\"none\">El legado generacional es una conexi\u00f3n invaluable entre el pasado, el presente y el futuro. Las personas de la tercera edad, con su vasta experiencia y sabidur\u00eda acumulada a lo largo de los a\u00f1os, tienen mucho que ofrecer a las generaciones m\u00e1s j\u00f3venes. A trav\u00e9s de historias, tradiciones y consejos, pueden transmitir lecciones de vida que no solo enriquecen a los j\u00f3venes, sino que tambi\u00e9n fortalecen el sentido de identidad y pertenencia.<\/span><span data-ccp-props=\"{&quot;134233117&quot;:false,&quot;134233118&quot;:false,&quot;201341983&quot;:0,&quot;335551550&quot;:0,&quot;335551620&quot;:0,&quot;335559738&quot;:240,&quot;335559739&quot;:240,&quot;335559740&quot;:285}\">\u00a0<\/span><\/p>\n<p><span data-contrast=\"none\">Este intercambio intergeneracional es una oportunidad para que los j\u00f3venes comprendan mejor el contexto hist\u00f3rico y cultural del que provienen. Adem\u00e1s, fomenta el respeto y la empat\u00eda hacia aquellos que han vivido en tiempos diferentes y han enfrentado desaf\u00edos \u00fanicos. Por otro lado, las personas mayores tambi\u00e9n se benefician de este contacto al mantenerse conectadas con el mundo moderno, aprendiendo nuevas tecnolog\u00edas y perspectivas frescas que los j\u00f3venes pueden ofrecer.<\/span><span data-ccp-props=\"{&quot;134233117&quot;:false,&quot;134233118&quot;:false,&quot;201341983&quot;:0,&quot;335551550&quot;:0,&quot;335551620&quot;:0,&quot;335559738&quot;:240,&quot;335559739&quot;:240,&quot;335559740&quot;:285}\">\u00a0<\/span><\/p>\n<p><span data-contrast=\"none\">El legado que las personas mayores dejan no es solo material, sino tambi\u00e9n espiritual y emocional. Es un regalo de amor, conocimiento y valores que puede guiar a las futuras generaciones hacia un futuro m\u00e1s comprensivo y solidario. As\u00ed, el intercambio entre generaciones se convierte en un puente que une corazones y mentes a trav\u00e9s del tiempo, asegurando que las historias y ense\u00f1anzas nunca se pierdan.<\/span><span data-ccp-props=\"{&quot;134233117&quot;:false,&quot;134233118&quot;:false,&quot;201341983&quot;:0,&quot;335551550&quot;:0,&quot;335551620&quot;:0,&quot;335559738&quot;:240,&quot;335559739&quot;:240,&quot;335559740&quot;:285}\">\u00a0<\/span><\/p>\n<p><span data-contrast=\"none\">Este ciclo de ense\u00f1anza y aprendizaje entre generaciones es, en \u00faltima instancia, un testimonio de la continuidad de la humanidad y de la importancia de cada individuo en la gran historia de la vida. Al abrazar este intercambio, se cultivan relaciones m\u00e1s s\u00f3lidas y se siembra un futuro lleno de promesas.<\/span><span data-ccp-props=\"{&quot;134233117&quot;:false,&quot;134233118&quot;:false,&quot;201341983&quot;:0,&quot;335551550&quot;:0,&quot;335551620&quot;:0,&quot;335559738&quot;:240,&quot;335559739&quot;:240,&quot;335559740&quot;:285}\">\u00a0<\/span><\/p>\n<p><span data-ccp-props=\"{}\">\u00a0<\/span><\/p>\n<p>\u00a0<\/p>\n\t\t\t\t\t\t\t\t<\/div>\n\t\t\t\t<\/div>\n\t\t\t\t\t<\/div>\n\t\t\t\t<\/div>\n\t\t<div class=\"elementor-element elementor-element-84549e2 e-flex e-con-boxed e-con e-parent\" data-id=\"84549e2\" data-element_type=\"container\" data-e-type=\"container\">\n\t\t\t\t\t<div class=\"e-con-inner\">\n\t\t\t\t\t<\/div>\n\t\t\t\t<\/div>\n\t\t\t\t<\/div>\n\t\t","protected":false},"excerpt":{"rendered":"<p>El legado generacional es una conexi\u00f3n invaluable entre el pasado, el presente y el futuro. Las personas de la tercera edad, con su vasta experiencia y sabidur\u00eda acumulada a lo largo de los a\u00f1os, tienen mucho que ofrecer a las generaciones m\u00e1s j\u00f3venes. A trav\u00e9s de historias, tradiciones y consejos, pueden transmitir lecciones de vida [&hellip;]<\/p>\n","protected":false},"author":2,"featured_media":2499,"comment_status":"open","ping_status":"open","sticky":false,"template":"elementor_theme","format":"standard","meta":{"sb_editor_width":"","_jetpack_memberships_contains_paid_content":false,"footnotes":""},"categories":[105,50],"tags":[],"coauthors":[51],"class_list":["post-2498","post","type-post","status-publish","format-standard","has-post-thumbnail","hentry","category-edicion-23","category-nota-del-editor"],"relative_dates":{"created":"1 a\u00f1o ago","modified":"1 a\u00f1o ago"},"jetpack_featured_media_url":"https:\/\/repensandolaeducacion.alopadres.com\/wp-content\/uploads\/2024\/12\/Repensando_educacion_revista_e23-7.jpg","jetpack-related-posts":[{"id":2364,"url":"https:\/\/repensandolaeducacion.alopadres.com\/index.php\/2024\/10\/08\/nota-del-editor-22\/","url_meta":{"origin":2498,"position":0},"title":"nota del editor Edici\u00f3n 22","author":"Gladys Salas","date":"8 de octubre de 2024","format":false,"excerpt":"El desarrollo de la persona desde las primeras etapas de la vida, y a lo largo de esta, la educaci\u00f3n est\u00e1 completamente impl\u00edcita en todas las aristas que se desprenden de las experiencias vividas. Es fundamental apoyar y apoyarnos para asumir los diferentes retos que supone la vida. La comunicaci\u00f3n\u2026","rel":"","context":"En \u00abEdici\u00f3n 22\u00bb","block_context":{"text":"Edici\u00f3n 22","link":"https:\/\/repensandolaeducacion.alopadres.com\/index.php\/category\/edicion-22\/"},"img":{"alt_text":"","src":"https:\/\/i0.wp.com\/repensandolaeducacion.alopadres.com\/wp-content\/uploads\/2024\/10\/El-carnaval-de-las-palabras-Miniatura-de-YouTube-2.png?resize=350%2C200&ssl=1","width":350,"height":200,"srcset":"https:\/\/i0.wp.com\/repensandolaeducacion.alopadres.com\/wp-content\/uploads\/2024\/10\/El-carnaval-de-las-palabras-Miniatura-de-YouTube-2.png?resize=350%2C200&ssl=1 1x, https:\/\/i0.wp.com\/repensandolaeducacion.alopadres.com\/wp-content\/uploads\/2024\/10\/El-carnaval-de-las-palabras-Miniatura-de-YouTube-2.png?resize=525%2C300&ssl=1 1.5x, https:\/\/i0.wp.com\/repensandolaeducacion.alopadres.com\/wp-content\/uploads\/2024\/10\/El-carnaval-de-las-palabras-Miniatura-de-YouTube-2.png?resize=700%2C400&ssl=1 2x, https:\/\/i0.wp.com\/repensandolaeducacion.alopadres.com\/wp-content\/uploads\/2024\/10\/El-carnaval-de-las-palabras-Miniatura-de-YouTube-2.png?resize=1050%2C600&ssl=1 3x"},"classes":[]},{"id":2731,"url":"https:\/\/repensandolaeducacion.alopadres.com\/index.php\/2025\/07\/01\/nota-del-editor-26\/","url_meta":{"origin":2498,"position":1},"title":"nota del editor Edici\u00f3n 26","author":"Gladys Salas","date":"1 de julio de 2025","format":false,"excerpt":"Las dificultades no son una carencia sino una oportunidad, en la educaci\u00f3n y en la sostenibilidad del planeta. A trav\u00e9s de ellas, podemos encontrar caminos innovadores que nos lleven hacia un futuro m\u00e1s equitativo y consciente. En el \u00e1mbito educativo, es esencial fomentar un entorno que valore la creatividad y\u2026","rel":"","context":"En \u00abEdici\u00f3n 26\u00bb","block_context":{"text":"Edici\u00f3n 26","link":"https:\/\/repensandolaeducacion.alopadres.com\/index.php\/category\/edicion-26\/"},"img":{"alt_text":"","src":"https:\/\/i0.wp.com\/repensandolaeducacion.alopadres.com\/wp-content\/uploads\/2025\/07\/Repensando_educacion_revista_e26-1.jpg?resize=350%2C200&ssl=1","width":350,"height":200,"srcset":"https:\/\/i0.wp.com\/repensandolaeducacion.alopadres.com\/wp-content\/uploads\/2025\/07\/Repensando_educacion_revista_e26-1.jpg?resize=350%2C200&ssl=1 1x, https:\/\/i0.wp.com\/repensandolaeducacion.alopadres.com\/wp-content\/uploads\/2025\/07\/Repensando_educacion_revista_e26-1.jpg?resize=525%2C300&ssl=1 1.5x, https:\/\/i0.wp.com\/repensandolaeducacion.alopadres.com\/wp-content\/uploads\/2025\/07\/Repensando_educacion_revista_e26-1.jpg?resize=700%2C400&ssl=1 2x, https:\/\/i0.wp.com\/repensandolaeducacion.alopadres.com\/wp-content\/uploads\/2025\/07\/Repensando_educacion_revista_e26-1.jpg?resize=1050%2C600&ssl=1 3x"},"classes":[]},{"id":2544,"url":"https:\/\/repensandolaeducacion.alopadres.com\/index.php\/2025\/02\/01\/nota-del-editor-24\/","url_meta":{"origin":2498,"position":2},"title":"nota del editor Edici\u00f3n 24","author":"Gladys Salas","date":"1 de febrero de 2025","format":false,"excerpt":"El arte y la importancia en la educaci\u00f3n ha sido debatido a lo largo de los a\u00f1os, pero su relevancia sigue siendo indiscutible. El arte no solo fomenta la creatividad, sino que tambi\u00e9n desarrolla habilidades cr\u00edticas y emocionales en los aprendices. A trav\u00e9s de la pintura, la m\u00fasica, el teatro\u2026","rel":"","context":"En \u00abEdici\u00f3n 24\u00bb","block_context":{"text":"Edici\u00f3n 24","link":"https:\/\/repensandolaeducacion.alopadres.com\/index.php\/category\/edicion-24\/"},"img":{"alt_text":"","src":"https:\/\/i0.wp.com\/repensandolaeducacion.alopadres.com\/wp-content\/uploads\/2025\/02\/Repensando_educacion_revista_e24.jpg?resize=350%2C200&ssl=1","width":350,"height":200,"srcset":"https:\/\/i0.wp.com\/repensandolaeducacion.alopadres.com\/wp-content\/uploads\/2025\/02\/Repensando_educacion_revista_e24.jpg?resize=350%2C200&ssl=1 1x, https:\/\/i0.wp.com\/repensandolaeducacion.alopadres.com\/wp-content\/uploads\/2025\/02\/Repensando_educacion_revista_e24.jpg?resize=525%2C300&ssl=1 1.5x, https:\/\/i0.wp.com\/repensandolaeducacion.alopadres.com\/wp-content\/uploads\/2025\/02\/Repensando_educacion_revista_e24.jpg?resize=700%2C400&ssl=1 2x, https:\/\/i0.wp.com\/repensandolaeducacion.alopadres.com\/wp-content\/uploads\/2025\/02\/Repensando_educacion_revista_e24.jpg?resize=1050%2C600&ssl=1 3x"},"classes":[]},{"id":1317,"url":"https:\/\/repensandolaeducacion.alopadres.com\/index.php\/2024\/06\/04\/nota-del-editor-20\/","url_meta":{"origin":2498,"position":3},"title":"nota del editor Edici\u00f3n 20","author":"Gladys Salas","date":"4 de junio de 2024","format":false,"excerpt":"La educaci\u00f3n es una parte innata en el desarrollo del ser humano, es \u201cinevitable el aprender\u201d. Lo que aprendemos est\u00e1 completamente influenciado por nuestro entorno, la idiosincracia, nuestras experiencias e intereses, en fin todo lo que influye en nuestro diario vivir. Por lo cual, el avance en diversos campos influye\u2026","rel":"","context":"En \u00abEdici\u00f3n 20\u00bb","block_context":{"text":"Edici\u00f3n 20","link":"https:\/\/repensandolaeducacion.alopadres.com\/index.php\/category\/edicion-20\/"},"img":{"alt_text":"","src":"https:\/\/i0.wp.com\/repensandolaeducacion.alopadres.com\/wp-content\/uploads\/2024\/06\/Repensando_educacion_revista_e20-1.jpg?resize=350%2C200&ssl=1","width":350,"height":200,"srcset":"https:\/\/i0.wp.com\/repensandolaeducacion.alopadres.com\/wp-content\/uploads\/2024\/06\/Repensando_educacion_revista_e20-1.jpg?resize=350%2C200&ssl=1 1x, https:\/\/i0.wp.com\/repensandolaeducacion.alopadres.com\/wp-content\/uploads\/2024\/06\/Repensando_educacion_revista_e20-1.jpg?resize=525%2C300&ssl=1 1.5x, https:\/\/i0.wp.com\/repensandolaeducacion.alopadres.com\/wp-content\/uploads\/2024\/06\/Repensando_educacion_revista_e20-1.jpg?resize=700%2C400&ssl=1 2x, https:\/\/i0.wp.com\/repensandolaeducacion.alopadres.com\/wp-content\/uploads\/2024\/06\/Repensando_educacion_revista_e20-1.jpg?resize=1050%2C600&ssl=1 3x"},"classes":[]},{"id":3082,"url":"https:\/\/repensandolaeducacion.alopadres.com\/index.php\/2026\/02\/06\/nota-del-editor-29\/","url_meta":{"origin":2498,"position":4},"title":"nota del editor Edici\u00f3n 29","author":"Gladys Salas","date":"6 de febrero de 2026","format":false,"excerpt":"La revista\u00a0tiene como uno de sus objetivos principales\u00a0dar una visi\u00f3n m\u00e1s amplia en lo que respecta no solo a la educaci\u00f3n sino tambi\u00e9n a la crianza,\u00a0desde enfoques que pueden no ser estrictamente acad\u00e9micos ni elaborados, incluso desde lo emp\u00edrico.\u00a0La experiencia\u00a0es\u00a0una gran herramienta para el aprendizaje,\u00a0y en esta edici\u00f3n 29,\u00a0se convirti\u00f3\u00a0en\u2026","rel":"","context":"En \u00abEdici\u00f3n 29\u00bb","block_context":{"text":"Edici\u00f3n 29","link":"https:\/\/repensandolaeducacion.alopadres.com\/index.php\/category\/edicion-29\/"},"img":{"alt_text":"","src":"https:\/\/i0.wp.com\/repensandolaeducacion.alopadres.com\/wp-content\/uploads\/2026\/02\/Repensando_educacion_revista_e29.jpg?resize=350%2C200&ssl=1","width":350,"height":200,"srcset":"https:\/\/i0.wp.com\/repensandolaeducacion.alopadres.com\/wp-content\/uploads\/2026\/02\/Repensando_educacion_revista_e29.jpg?resize=350%2C200&ssl=1 1x, https:\/\/i0.wp.com\/repensandolaeducacion.alopadres.com\/wp-content\/uploads\/2026\/02\/Repensando_educacion_revista_e29.jpg?resize=525%2C300&ssl=1 1.5x, https:\/\/i0.wp.com\/repensandolaeducacion.alopadres.com\/wp-content\/uploads\/2026\/02\/Repensando_educacion_revista_e29.jpg?resize=700%2C400&ssl=1 2x, https:\/\/i0.wp.com\/repensandolaeducacion.alopadres.com\/wp-content\/uploads\/2026\/02\/Repensando_educacion_revista_e29.jpg?resize=1050%2C600&ssl=1 3x"},"classes":[]},{"id":848,"url":"https:\/\/repensandolaeducacion.alopadres.com\/index.php\/2023\/04\/01\/nota-del-editor-15\/","url_meta":{"origin":2498,"position":5},"title":"nota del editor Edici\u00f3n 15","author":"Gladys Salas","date":"1 de abril de 2023","format":false,"excerpt":"Aprender lo que nos gusta y apasiona es la mejor para entender el mundo que nos rodea y lograr cosas significativas que pueden ayudarnos, y as\u00ed, ayudar a otros. El aprendizaje es algo que se d\u00e1 naturalmente y en todas las etapas de la vida, es m\u00e1s, en todos los\u2026","rel":"","context":"En \u00abEdici\u00f3n 15\u00bb","block_context":{"text":"Edici\u00f3n 15","link":"https:\/\/repensandolaeducacion.alopadres.com\/index.php\/category\/edicion-15\/"},"img":{"alt_text":"","src":"https:\/\/i0.wp.com\/repensandolaeducacion.alopadres.com\/wp-content\/uploads\/2023\/11\/Repensando_educacion_revista_e15_f.jpg?resize=350%2C200&ssl=1","width":350,"height":200,"srcset":"https:\/\/i0.wp.com\/repensandolaeducacion.alopadres.com\/wp-content\/uploads\/2023\/11\/Repensando_educacion_revista_e15_f.jpg?resize=350%2C200&ssl=1 1x, https:\/\/i0.wp.com\/repensandolaeducacion.alopadres.com\/wp-content\/uploads\/2023\/11\/Repensando_educacion_revista_e15_f.jpg?resize=525%2C300&ssl=1 1.5x, https:\/\/i0.wp.com\/repensandolaeducacion.alopadres.com\/wp-content\/uploads\/2023\/11\/Repensando_educacion_revista_e15_f.jpg?resize=700%2C400&ssl=1 2x, https:\/\/i0.wp.com\/repensandolaeducacion.alopadres.com\/wp-content\/uploads\/2023\/11\/Repensando_educacion_revista_e15_f.jpg?resize=1050%2C600&ssl=1 3x"},"classes":[]}],"jetpack_sharing_enabled":true,"_links":{"self":[{"href":"https:\/\/repensandolaeducacion.alopadres.com\/index.php\/wp-json\/wp\/v2\/posts\/2498","targetHints":{"allow":["GET"]}}],"collection":[{"href":"https:\/\/repensandolaeducacion.alopadres.com\/index.php\/wp-json\/wp\/v2\/posts"}],"about":[{"href":"https:\/\/repensandolaeducacion.alopadres.com\/index.php\/wp-json\/wp\/v2\/types\/post"}],"author":[{"embeddable":true,"href":"https:\/\/repensandolaeducacion.alopadres.com\/index.php\/wp-json\/wp\/v2\/users\/2"}],"replies":[{"embeddable":true,"href":"https:\/\/repensandolaeducacion.alopadres.com\/index.php\/wp-json\/wp\/v2\/comments?post=2498"}],"version-history":[{"count":4,"href":"https:\/\/repensandolaeducacion.alopadres.com\/index.php\/wp-json\/wp\/v2\/posts\/2498\/revisions"}],"predecessor-version":[{"id":2503,"href":"https:\/\/repensandolaeducacion.alopadres.com\/index.php\/wp-json\/wp\/v2\/posts\/2498\/revisions\/2503"}],"wp:featuredmedia":[{"embeddable":true,"href":"https:\/\/repensandolaeducacion.alopadres.com\/index.php\/wp-json\/wp\/v2\/media\/2499"}],"wp:attachment":[{"href":"https:\/\/repensandolaeducacion.alopadres.com\/index.php\/wp-json\/wp\/v2\/media?parent=2498"}],"wp:term":[{"taxonomy":"category","embeddable":true,"href":"https:\/\/repensandolaeducacion.alopadres.com\/index.php\/wp-json\/wp\/v2\/categories?post=2498"},{"taxonomy":"post_tag","embeddable":true,"href":"https:\/\/repensandolaeducacion.alopadres.com\/index.php\/wp-json\/wp\/v2\/tags?post=2498"},{"taxonomy":"author","embeddable":true,"href":"https:\/\/repensandolaeducacion.alopadres.com\/index.php\/wp-json\/wp\/v2\/coauthors?post=2498"}],"curies":[{"name":"wp","href":"https:\/\/api.w.org\/{rel}","templated":true}]}}