{"id":2277,"date":"2024-10-08T00:56:05","date_gmt":"2024-10-07T22:56:05","guid":{"rendered":"https:\/\/repensandolaeducacion.alopadres.com\/?p=2277"},"modified":"2024-12-11T21:54:24","modified_gmt":"2024-12-11T20:54:24","slug":"bosque-vientos-cuento","status":"publish","type":"post","link":"https:\/\/repensandolaeducacion.alopadres.com\/index.php\/2024\/10\/08\/bosque-vientos-cuento\/","title":{"rendered":"M\u00e1s all\u00e1 del r\u00edo o c\u00f3mo llegar al Bosque de los vientos"},"content":{"rendered":"\t\t<div data-elementor-type=\"wp-post\" data-elementor-id=\"2277\" class=\"elementor elementor-2277\">\n\t\t\t\t<div class=\"elementor-element elementor-element-60593277 e-flex e-con-boxed e-con e-parent\" data-id=\"60593277\" data-element_type=\"container\" data-e-type=\"container\">\n\t\t\t\t\t<div class=\"e-con-inner\">\n\t\t\t\t<div class=\"elementor-element elementor-element-493579ca elementor-widget elementor-widget-text-editor\" data-id=\"493579ca\" data-element_type=\"widget\" data-e-type=\"widget\" data-widget_type=\"text-editor.default\">\n\t\t\t\t<div class=\"elementor-widget-container\">\n\t\t\t\t\t\t\t\t\t<p><span class=\"OYPEnA font-feature-liga-off font-feature-clig-off font-feature-calt-off text-decoration-none text-strikethrough-none\">En un claro del bosque, viv\u00edan cuatro grandes amigos: <\/span><strong><span class=\"OYPEnA font-feature-liga-off font-feature-clig-off font-feature-calt-off text-decoration-none text-strikethrough-none\">Cor\u00edn<\/span><\/strong><span class=\"OYPEnA font-feature-liga-off font-feature-clig-off font-feature-calt-off text-decoration-none text-strikethrough-none\">, el conejo saltar\u00edn; <\/span><strong><span class=\"OYPEnA font-feature-liga-off font-feature-clig-off font-feature-calt-off text-decoration-none text-strikethrough-none\">Sab\u00fa<\/span><\/strong><span class=\"OYPEnA font-feature-liga-off font-feature-clig-off font-feature-calt-off text-decoration-none text-strikethrough-none\">, el b\u00faho sabio; <\/span><strong><span class=\"OYPEnA font-feature-liga-off font-feature-clig-off font-feature-calt-off text-decoration-none text-strikethrough-none\">Tras<\/span><\/strong><span class=\"OYPEnA font-feature-liga-off font-feature-clig-off font-feature-calt-off text-decoration-none text-strikethrough-none\">, el perro siempre alegre, y <\/span><strong><span class=\"OYPEnA font-feature-liga-off font-feature-clig-off font-feature-calt-off text-decoration-none text-strikethrough-none\">Melina<\/span><\/strong><span class=\"OYPEnA font-feature-liga-off font-feature-clig-off font-feature-calt-off text-decoration-none text-strikethrough-none\">, la gata tranquila y comprensiva. Juntos formaban un grupo inseparable, cada uno con un talento \u00fanico que los hac\u00eda especiales. Mientras Cor\u00edn recorr\u00eda los campos con su energ\u00eda inagotable, Sab\u00fa se entreten\u00eda leyendo las estrellas y descubriendo secretos del mundo. Tras siempre encontraba la manera de reunir a todos en una ronda de juegos, mientras que Melina, con su mirada calmada, sab\u00eda exactamente cu\u00e1ndo alguien necesitaba una palabra amable o un hombro donde apoyarse.<\/span><\/p><p class=\"cvGsUA direction-ltr align-justify para-style-title\"><span class=\"OYPEnA font-feature-liga-off font-feature-clig-off font-feature-calt-off text-decoration-none text-strikethrough-none\">Un d\u00eda, decidieron embarcarse en una aventura: cruzar el gran valle hasta el Bosque de los Vientos. Hab\u00edan o\u00eddo que, en ese bosque, crec\u00edan los \u00e1rboles m\u00e1s altos del mundo y que en sus ramas se escond\u00edan los secretos de la vida si ten\u00edas la paciencia de observarlos.<\/span><\/p><p class=\"cvGsUA direction-ltr align-justify para-style-title\">\u00a0<\/p><p class=\"cvGsUA direction-ltr align-justify para-style-title\"><span class=\"OYPEnA font-feature-liga-off font-feature-clig-off font-feature-calt-off text-decoration-none text-strikethrough-none\">Una ma\u00f1ana luminosa, los cuatro amigos comenzaron su camino hacia el Bosque de los Vientos. Cor\u00edn, el conejo, lideraba el grupo, saltando \u00e1gilmente entre los \u00e1rboles. \u201c\u00a1Vamos, vamos, que el d\u00eda es joven!\u201d, gritaba lleno de energ\u00eda. Tras trotaba detr\u00e1s, moviendo su cola y disfrutando del aire fresco. Sab\u00fa volaba de rama en rama, atento a cualquier se\u00f1al en el cielo, mientras que Melina avanzaba despacio, observando los alrededores con calma.<\/span><\/p><p class=\"cvGsUA direction-ltr align-justify para-style-body\"><span class=\"OYPEnA font-feature-liga-off font-feature-clig-off font-feature-calt-off text-decoration-none text-strikethrough-none\">Sin embargo, no tardaron mucho en encontrar su primer obst\u00e1culo: un ancho r\u00edo cruzaba su camino, con una corriente r\u00e1pida y peligrosa.<\/span><\/p><p class=\"cvGsUA direction-ltr align-justify para-style-body\"><span class=\"OYPEnA font-feature-liga-off font-feature-clig-off font-feature-calt-off text-decoration-none text-strikethrough-none\">Cor\u00edn, siempre lleno de energ\u00eda, pens\u00f3 que podr\u00eda resolver el problema. \u201c\u00a1No hay problema! Saltar\u00e9 de una orilla a otra\u201d, dijo confiado. Y con un gran impulso, salt\u00f3\u2026 pero el salto no fue lo suficientemente largo, y aunque aterriz\u00f3 en la otra orilla, qued\u00f3 agotado, resoplando. \u00a1No pod\u00eda seguir sin descansar!<\/span><\/p><p class=\"cvGsUA direction-ltr align-justify para-style-body\">\u00a0<\/p><p class=\"cvGsUA direction-ltr align-justify para-style-body\"><span class=\"OYPEnA font-feature-liga-off font-feature-clig-off font-feature-calt-off text-decoration-none text-strikethrough-none\">\u201cQuiz\u00e1 la fuerza no es lo \u00fanico que necesitamos aqu\u00ed\u201d, dijo Sab\u00fa, que observaba desde una rama cercana. Con su conocimiento, comenz\u00f3 a estudiar el r\u00edo. \u201cSabemos que el agua siempre fluye hacia el sur. Si caminamos r\u00edo arriba, puede que encontremos un puente o un lugar m\u00e1s seguro para cruzar\u201d. \u2013 dijo a sus amigos.<\/span><\/p><p class=\"cvGsUA direction-ltr align-justify para-style-body\">\u00a0<\/p><p class=\"cvGsUA direction-ltr align-justify para-style-body\"><span class=\"OYPEnA font-feature-liga-off font-feature-clig-off font-feature-calt-off text-decoration-none text-strikethrough-none\">El grupo decidi\u00f3 seguir su consejo y caminaron durante un rato. Sab\u00fa, con su inteligencia, guiaba el camino, pero despu\u00e9s de un largo tramo, se dio cuenta de que no todo era tan sencillo. Aunque Sab\u00fa sab\u00eda mucho, no ten\u00eda la energ\u00eda para moverse r\u00e1pido ni la fuerza de Cor\u00edn.<\/span><\/p><p>Pronto, Tras, siempre sociable y atento, not\u00f3 que el \u00e1nimo del grupo comenzaba a decaer. Cor\u00edn a\u00fan estaba cansado, Sab\u00fa parec\u00eda frustrado por no encontrar una soluci\u00f3n inmediata, y Melina caminaba en silencio, pensativa. \u201c\u00a1No pasa nada, amigos!\u201d, dijo Tras con entusiasmo. \u201c\u00a1Sigamos juntos, que lo importante es que estamos aqu\u00ed los cuatro!\u201d<\/p><p>Pero incluso con el optimismo de Tras, algo faltaba. Melina, que hasta entonces hab\u00eda observado en silencio, not\u00f3 algo. Se acerc\u00f3 a Cor\u00edn y le dijo suavemente: \u201cCor\u00edn, te est\u00e1s exigiendo demasiado. Es bueno ser fuerte, pero tambi\u00e9n es importante descansar cuando lo necesitas\u201d. El conejo la mir\u00f3, agradecido. Sab\u00eda que ten\u00eda raz\u00f3n. Del mismo modo, Sab\u00fa tambi\u00e9n se benefici\u00f3 de las palabras de Melina: \u201cNo siempre necesitas saberlo todo de inmediato, a veces la respuesta llega con el tiempo.\u201d<\/p><p>Fue entonces cuando comprendieron: no pod\u00edan confiar solo en una habilidad. Necesitaban equilibrar sus fuerzas, su conocimiento, su \u00e1nimo y sentirse mejor para continuar.<\/p><p>Juntos, se tomaron un momento para descansar, pensar y apoyarse mutuamente. Cor\u00edn se recuper\u00f3, Sab\u00fa ajust\u00f3 su plan, Tras mantuvo la moral alta del grupo, y Melina cuid\u00f3 de que todos se sintieran escuchados. Al continuar, encontraron un tronco ca\u00eddo que cruzaba el r\u00edo m\u00e1s adelante, lo que les permiti\u00f3 avanzar.<\/p><p>Finalmente, llegaron al Bosque de los Vientos, donde los \u00e1rboles gigantescos se mec\u00edan en el aire, y el sol brillaba a trav\u00e9s de las hojas. Se sintieron orgullosos de haber superado el desaf\u00edo de llegar hasta all\u00ed, pero, sobre todo, entendieron que lo hab\u00edan logrado porque se hab\u00edan apoyado mutuamente. Cada uno de ellos hab\u00eda aportado algo esencial: la fuerza, el conocimiento, la alegr\u00eda y la afectividad.<\/p><p class=\"cvGsUA direction-ltr align-justify para-style-title\"><span class=\"OYPEnA font-feature-liga-off font-feature-clig-off font-feature-calt-off text-decoration-none text-strikethrough-none\">Al regresar a su claro, Sab\u00fa habl\u00f3 con calma: \u201cHoy aprendimos una gran lecci\u00f3n. No basta con ser fuerte o sabio, ni con tener buenos amigos o cuidar nuestras emociones. Necesitamos todo eso, en equilibrio, para afrontar las dificultades de la vida\u201d.<\/span><\/p><p class=\"cvGsUA direction-ltr align-justify para-style-title\"><span class=\"OYPEnA font-feature-liga-off font-feature-clig-off font-feature-calt-off text-decoration-none text-strikethrough-none\">Y as\u00ed, los cuatro amigos siguieron caminando juntos, sabiendo que su uni\u00f3n era su mayor fortaleza.<\/span><\/p><p class=\"cvGsUA direction-ltr align-justify para-style-title\"><span class=\"OYPEnA font-feature-liga-off font-feature-clig-off font-feature-calt-off text-decoration-none text-strikethrough-none\">Aunque si alguno de vosotros se pregunta qu\u00e9 les contaron los \u00e1rboles del Bosque de los Vientos.. tambi\u00e9n deber\u00e9is tener paciencia, \u00a1y os lo contar\u00e9 en otra ocasi\u00f3n!<\/span><\/p><p class=\"cvGsUA direction-ltr align-justify para-style-title\"><span class=\"OYPEnA font-feature-liga-off font-feature-clig-off font-feature-calt-off text-decoration-none text-strikethrough-none\">Al igual que Cor\u00edn, Sab\u00fa, Tras y Melina, los ni\u00f1os y j\u00f3venes necesitan un equilibrio entre sus aspectos f\u00edsicos, intelectuales, sociales y emocionales para desarrollarse plenamente. En la educaci\u00f3n en casa, cada uno de estos elementos es fundamental. Atender a su bienestar f\u00edsico, estimular su curiosidad intelectual, fomentar relaciones sanas y cuidar de su mundo emocional es la clave para que crezcan fuertes y felices. Como padres homeschoolers, nuestra labor es como la de estos amigos: acompa\u00f1arlos y asegurarnos de que encuentren ese equilibrio a lo largo de su camino.<\/span><\/p>\t\t\t\t\t\t\t\t<\/div>\n\t\t\t\t<\/div>\n\t\t\t\t\t<\/div>\n\t\t\t\t<\/div>\n\t\t\t\t<\/div>\n\t\t","protected":false},"excerpt":{"rendered":"<p>En un claro del bosque, viv\u00edan cuatro grandes amigos: Cor\u00edn, el conejo saltar\u00edn; Sab\u00fa, el b\u00faho sabio; Tras, el perro siempre alegre, y Melina, la gata tranquila y comprensiva. Juntos formaban un grupo inseparable, cada uno con un talento \u00fanico que los hac\u00eda especiales. Mientras Cor\u00edn recorr\u00eda los campos con su energ\u00eda inagotable, Sab\u00fa se [&hellip;]<\/p>\n","protected":false},"author":20,"featured_media":2373,"comment_status":"open","ping_status":"open","sticky":false,"template":"","format":"standard","meta":{"sb_editor_width":"","_jetpack_memberships_contains_paid_content":false,"footnotes":""},"categories":[37,102],"tags":[],"coauthors":[60],"class_list":["post-2277","post","type-post","status-publish","format-standard","has-post-thumbnail","hentry","category-cuento","category-edicion-22"],"relative_dates":{"created":"2 a\u00f1os ago","modified":"1 a\u00f1o ago"},"jetpack_featured_media_url":"https:\/\/repensandolaeducacion.alopadres.com\/wp-content\/uploads\/2024\/10\/Repensando_educacion_revista_e22-3.jpg","jetpack-related-posts":[{"id":3241,"url":"https:\/\/repensandolaeducacion.alopadres.com\/index.php\/2026\/02\/17\/el-bosque-plateado\/","url_meta":{"origin":2277,"position":0},"title":"El Bosque Plateado","author":"Aikaterini Vergetaki Peirasmaki","date":"17 de febrero de 2026","format":false,"excerpt":"El pueblo se llamaba El Bosque Plateado, y sin embargo su nombre sonaba como una promesa incumplida. Nadie recordaba con certeza por qu\u00e9 lo hab\u00edan bautizado as\u00ed; solo el bosque, que lo rodeaba por todos lados, parec\u00eda conservar su memoria. Sus \u00e1rboles se alzaban como guardianes silenciosos del tiempo, [\u2026]","rel":"","context":"En \u00abEdici\u00f3n especial\u00bb","block_context":{"text":"Edici\u00f3n especial","link":"https:\/\/repensandolaeducacion.alopadres.com\/index.php\/category\/edicion-especial\/"},"img":{"alt_text":"","src":"https:\/\/i0.wp.com\/repensandolaeducacion.alopadres.com\/wp-content\/uploads\/2026\/02\/Repensando_educacion_revista_ee-3.jpg?resize=350%2C200&ssl=1","width":350,"height":200,"srcset":"https:\/\/i0.wp.com\/repensandolaeducacion.alopadres.com\/wp-content\/uploads\/2026\/02\/Repensando_educacion_revista_ee-3.jpg?resize=350%2C200&ssl=1 1x, https:\/\/i0.wp.com\/repensandolaeducacion.alopadres.com\/wp-content\/uploads\/2026\/02\/Repensando_educacion_revista_ee-3.jpg?resize=525%2C300&ssl=1 1.5x, https:\/\/i0.wp.com\/repensandolaeducacion.alopadres.com\/wp-content\/uploads\/2026\/02\/Repensando_educacion_revista_ee-3.jpg?resize=700%2C400&ssl=1 2x, https:\/\/i0.wp.com\/repensandolaeducacion.alopadres.com\/wp-content\/uploads\/2026\/02\/Repensando_educacion_revista_ee-3.jpg?resize=1050%2C600&ssl=1 3x"},"classes":[]},{"id":2754,"url":"https:\/\/repensandolaeducacion.alopadres.com\/index.php\/2025\/07\/01\/el-libro-en-el-librero\/","url_meta":{"origin":2277,"position":1},"title":"El libro en el librero\u00a0","author":"Priscila Salazar","date":"1 de julio de 2025","format":false,"excerpt":"(Narraci\u00f3n de una experiencia vivida en 2018)\u00a0\u00a0Sal\u00ed de la librer\u00eda y mir\u00e9 mi nueva adquisici\u00f3n para mis hijos: \u00abMinecraft: gu\u00eda b\u00e1sica\u00bb. Un libro ilustrado para ni\u00f1os en el que se explica la l\u00f3gica del videojuego, se dan consejos para sobrevivir y se incluyen muchas recetas para fabricar objetos. Estaba segura\u2026","rel":"","context":"En \u00abEdici\u00f3n 26\u00bb","block_context":{"text":"Edici\u00f3n 26","link":"https:\/\/repensandolaeducacion.alopadres.com\/index.php\/category\/edicion-26\/"},"img":{"alt_text":"","src":"https:\/\/i0.wp.com\/repensandolaeducacion.alopadres.com\/wp-content\/uploads\/2025\/07\/Repensando_educacion_revista_e26-3.jpg?resize=350%2C200&ssl=1","width":350,"height":200,"srcset":"https:\/\/i0.wp.com\/repensandolaeducacion.alopadres.com\/wp-content\/uploads\/2025\/07\/Repensando_educacion_revista_e26-3.jpg?resize=350%2C200&ssl=1 1x, https:\/\/i0.wp.com\/repensandolaeducacion.alopadres.com\/wp-content\/uploads\/2025\/07\/Repensando_educacion_revista_e26-3.jpg?resize=525%2C300&ssl=1 1.5x, https:\/\/i0.wp.com\/repensandolaeducacion.alopadres.com\/wp-content\/uploads\/2025\/07\/Repensando_educacion_revista_e26-3.jpg?resize=700%2C400&ssl=1 2x, https:\/\/i0.wp.com\/repensandolaeducacion.alopadres.com\/wp-content\/uploads\/2025\/07\/Repensando_educacion_revista_e26-3.jpg?resize=1050%2C600&ssl=1 3x"},"classes":[]},{"id":3065,"url":"https:\/\/repensandolaeducacion.alopadres.com\/index.php\/2026\/02\/06\/leducamos-para-cambiar-el-mundo\/","url_meta":{"origin":2277,"position":2},"title":"Educamos para cambiar el mundo","author":"Elisa Stephania Alvarado Salas","date":"6 de febrero de 2026","format":false,"excerpt":"Considero\u00a0que la educaci\u00f3n es el pilar sobre el cu\u00e1l se construye toda la humanidad. La educaci\u00f3n es la base sobre la cual se construye el futuro, sobre donde\u00a0se pueden crear cosas nuevas.\u00a0La educaci\u00f3n para el individuo es,\u00a0en esencia,\u00a0permitirle abrir la puerta a\u00a0nuevas\u00a0oportunidades,\u00a0expandir los l\u00edmites de su curiosidad,\u00a0es darle herramientas para\u2026","rel":"","context":"En \u00abEdici\u00f3n 29\u00bb","block_context":{"text":"Edici\u00f3n 29","link":"https:\/\/repensandolaeducacion.alopadres.com\/index.php\/category\/edicion-29\/"},"img":{"alt_text":"","src":"https:\/\/i0.wp.com\/repensandolaeducacion.alopadres.com\/wp-content\/uploads\/2026\/02\/Repensando_educacion_revista_e29-1.jpg?resize=350%2C200&ssl=1","width":350,"height":200,"srcset":"https:\/\/i0.wp.com\/repensandolaeducacion.alopadres.com\/wp-content\/uploads\/2026\/02\/Repensando_educacion_revista_e29-1.jpg?resize=350%2C200&ssl=1 1x, https:\/\/i0.wp.com\/repensandolaeducacion.alopadres.com\/wp-content\/uploads\/2026\/02\/Repensando_educacion_revista_e29-1.jpg?resize=525%2C300&ssl=1 1.5x, https:\/\/i0.wp.com\/repensandolaeducacion.alopadres.com\/wp-content\/uploads\/2026\/02\/Repensando_educacion_revista_e29-1.jpg?resize=700%2C400&ssl=1 2x, https:\/\/i0.wp.com\/repensandolaeducacion.alopadres.com\/wp-content\/uploads\/2026\/02\/Repensando_educacion_revista_e29-1.jpg?resize=1050%2C600&ssl=1 3x"},"classes":[]},{"id":3334,"url":"https:\/\/repensandolaeducacion.alopadres.com\/index.php\/2026\/02\/17\/todo-deseo-tiene-su-estrella\/","url_meta":{"origin":2277,"position":3},"title":"Todo deseo tiene su estrella","author":"Lidia Mu\u00f1oz Almahano","date":"17 de febrero de 2026","format":false,"excerpt":"Cada d\u00eda era m\u00e1s notable la Navidad, cada calle estaba inundada de decoraciones, y Bola sent\u00eda m\u00e1s y m\u00e1s el esp\u00edritu navide\u00f1o. \u2014Mam\u00e1, pap\u00e1, hay que montar el \u00e1rbol ya, \u00a1la Navidad est\u00e1 a la vuelta de la esquina! \u2014avis\u00f3 el mu\u00f1eco de nieve. \u2014Cuando lleguemos, lo pondremos [\u2026]","rel":"","context":"En \u00abEdici\u00f3n especial\u00bb","block_context":{"text":"Edici\u00f3n especial","link":"https:\/\/repensandolaeducacion.alopadres.com\/index.php\/category\/edicion-especial\/"},"img":{"alt_text":"","src":"https:\/\/i0.wp.com\/repensandolaeducacion.alopadres.com\/wp-content\/uploads\/2026\/02\/Repensando_educacion_revista_ee-8.jpg?resize=350%2C200&ssl=1","width":350,"height":200,"srcset":"https:\/\/i0.wp.com\/repensandolaeducacion.alopadres.com\/wp-content\/uploads\/2026\/02\/Repensando_educacion_revista_ee-8.jpg?resize=350%2C200&ssl=1 1x, https:\/\/i0.wp.com\/repensandolaeducacion.alopadres.com\/wp-content\/uploads\/2026\/02\/Repensando_educacion_revista_ee-8.jpg?resize=525%2C300&ssl=1 1.5x, https:\/\/i0.wp.com\/repensandolaeducacion.alopadres.com\/wp-content\/uploads\/2026\/02\/Repensando_educacion_revista_ee-8.jpg?resize=700%2C400&ssl=1 2x, https:\/\/i0.wp.com\/repensandolaeducacion.alopadres.com\/wp-content\/uploads\/2026\/02\/Repensando_educacion_revista_ee-8.jpg?resize=1050%2C600&ssl=1 3x"},"classes":[]},{"id":3370,"url":"https:\/\/repensandolaeducacion.alopadres.com\/index.php\/2026\/02\/17\/jorge-en-una-guerra-loca\/","url_meta":{"origin":2277,"position":4},"title":"Jorge en una guerra loca","author":"Juan Manuel Ferrer Cardona","date":"17 de febrero de 2026","format":false,"excerpt":"Jorge, que debe incorporarse al servicio militar, toma una decisi\u00f3n arriesgada, y decide presentarse con un gorrito de Navidad para dar una sorpresa a los que van a ser sus compa\u00f1eros y contribuir con un aire festivo al primer encuentro. Pero la sorpresa se la [\u2026]","rel":"","context":"En \u00abEdici\u00f3n especial\u00bb","block_context":{"text":"Edici\u00f3n especial","link":"https:\/\/repensandolaeducacion.alopadres.com\/index.php\/category\/edicion-especial\/"},"img":{"alt_text":"","src":"https:\/\/i0.wp.com\/repensandolaeducacion.alopadres.com\/wp-content\/uploads\/2026\/02\/Repensando_educacion_revista_ee-10.jpg?resize=350%2C200&ssl=1","width":350,"height":200,"srcset":"https:\/\/i0.wp.com\/repensandolaeducacion.alopadres.com\/wp-content\/uploads\/2026\/02\/Repensando_educacion_revista_ee-10.jpg?resize=350%2C200&ssl=1 1x, https:\/\/i0.wp.com\/repensandolaeducacion.alopadres.com\/wp-content\/uploads\/2026\/02\/Repensando_educacion_revista_ee-10.jpg?resize=525%2C300&ssl=1 1.5x, https:\/\/i0.wp.com\/repensandolaeducacion.alopadres.com\/wp-content\/uploads\/2026\/02\/Repensando_educacion_revista_ee-10.jpg?resize=700%2C400&ssl=1 2x, https:\/\/i0.wp.com\/repensandolaeducacion.alopadres.com\/wp-content\/uploads\/2026\/02\/Repensando_educacion_revista_ee-10.jpg?resize=1050%2C600&ssl=1 3x"},"classes":[]},{"id":1567,"url":"https:\/\/repensandolaeducacion.alopadres.com\/index.php\/2024\/08\/02\/educacion-basada-naturaleza\/","url_meta":{"origin":2277,"position":5},"title":"EDUCACI\u00d3N BASADA EN LA NATURALEZA: \u00a0fomentando la conciencia social y ambiental\u00a0","author":"Nancy Rojas Gongora","date":"2 de agosto de 2024","format":false,"excerpt":"La educaci\u00f3n basada en la naturaleza es una metodolog\u00eda que integra el entorno natural en el proceso de aprendizaje, promoviendo una conexi\u00f3n profunda con el medio ambiente y fomentando una conciencia social y ecol\u00f3gica. Esta forma de educaci\u00f3n no solo enriquece el conocimiento acad\u00e9mico, sino que tambi\u00e9n desarrolla habilidades cr\u00edticas\u2026","rel":"","context":"En \u00abAprendizaje\u00bb","block_context":{"text":"Aprendizaje","link":"https:\/\/repensandolaeducacion.alopadres.com\/index.php\/category\/aprendizaje\/"},"img":{"alt_text":"","src":"https:\/\/i0.wp.com\/repensandolaeducacion.alopadres.com\/wp-content\/uploads\/2024\/08\/Repensando_educacion_revista_e21-7.jpg?resize=350%2C200&ssl=1","width":350,"height":200,"srcset":"https:\/\/i0.wp.com\/repensandolaeducacion.alopadres.com\/wp-content\/uploads\/2024\/08\/Repensando_educacion_revista_e21-7.jpg?resize=350%2C200&ssl=1 1x, https:\/\/i0.wp.com\/repensandolaeducacion.alopadres.com\/wp-content\/uploads\/2024\/08\/Repensando_educacion_revista_e21-7.jpg?resize=525%2C300&ssl=1 1.5x, https:\/\/i0.wp.com\/repensandolaeducacion.alopadres.com\/wp-content\/uploads\/2024\/08\/Repensando_educacion_revista_e21-7.jpg?resize=700%2C400&ssl=1 2x, https:\/\/i0.wp.com\/repensandolaeducacion.alopadres.com\/wp-content\/uploads\/2024\/08\/Repensando_educacion_revista_e21-7.jpg?resize=1050%2C600&ssl=1 3x"},"classes":[]}],"jetpack_sharing_enabled":true,"_links":{"self":[{"href":"https:\/\/repensandolaeducacion.alopadres.com\/index.php\/wp-json\/wp\/v2\/posts\/2277","targetHints":{"allow":["GET"]}}],"collection":[{"href":"https:\/\/repensandolaeducacion.alopadres.com\/index.php\/wp-json\/wp\/v2\/posts"}],"about":[{"href":"https:\/\/repensandolaeducacion.alopadres.com\/index.php\/wp-json\/wp\/v2\/types\/post"}],"author":[{"embeddable":true,"href":"https:\/\/repensandolaeducacion.alopadres.com\/index.php\/wp-json\/wp\/v2\/users\/20"}],"replies":[{"embeddable":true,"href":"https:\/\/repensandolaeducacion.alopadres.com\/index.php\/wp-json\/wp\/v2\/comments?post=2277"}],"version-history":[{"count":10,"href":"https:\/\/repensandolaeducacion.alopadres.com\/index.php\/wp-json\/wp\/v2\/posts\/2277\/revisions"}],"predecessor-version":[{"id":2287,"href":"https:\/\/repensandolaeducacion.alopadres.com\/index.php\/wp-json\/wp\/v2\/posts\/2277\/revisions\/2287"}],"wp:featuredmedia":[{"embeddable":true,"href":"https:\/\/repensandolaeducacion.alopadres.com\/index.php\/wp-json\/wp\/v2\/media\/2373"}],"wp:attachment":[{"href":"https:\/\/repensandolaeducacion.alopadres.com\/index.php\/wp-json\/wp\/v2\/media?parent=2277"}],"wp:term":[{"taxonomy":"category","embeddable":true,"href":"https:\/\/repensandolaeducacion.alopadres.com\/index.php\/wp-json\/wp\/v2\/categories?post=2277"},{"taxonomy":"post_tag","embeddable":true,"href":"https:\/\/repensandolaeducacion.alopadres.com\/index.php\/wp-json\/wp\/v2\/tags?post=2277"},{"taxonomy":"author","embeddable":true,"href":"https:\/\/repensandolaeducacion.alopadres.com\/index.php\/wp-json\/wp\/v2\/coauthors?post=2277"}],"curies":[{"name":"wp","href":"https:\/\/api.w.org\/{rel}","templated":true}]}}